{"id":726,"date":"2022-07-06T20:38:45","date_gmt":"2022-07-06T18:38:45","guid":{"rendered":"https:\/\/www.diakonieverein-eckental.de\/?p=726"},"modified":"2024-04-15T18:46:29","modified_gmt":"2024-04-15T16:46:29","slug":"jubilaeums-sommerfest-vom-diakonieverein-eckental","status":"publish","type":"post","link":"http:\/\/www.diakonieverein-eckental.de\/en\/2022\/07\/06\/jubilaeums-sommerfest-vom-diakonieverein-eckental\/","title":{"rendered":"Anniversary summer party of the Eckental Diakonieverein"},"content":{"rendered":"<h2 class=\"wp-block-heading\">Anniversary summer party of the Eckental Diakonieverein<\/h2>\n\n\n\n<div class=\"wp-block-image\"><figure class=\"aligncenter size-large\"><img loading=\"lazy\" decoding=\"async\" width=\"1024\" height=\"536\" src=\"http:\/\/www.diakonieverein-eckental.de\/wp-content\/uploads\/2022\/07\/post_20220629-tauziehen_featured-1024x536.jpg\" alt=\"Tauziehen\" class=\"wp-image-732\" srcset=\"http:\/\/www.diakonieverein-eckental.de\/wp-content\/uploads\/2022\/07\/post_20220629-tauziehen_featured-1024x536.jpg 1024w, http:\/\/www.diakonieverein-eckental.de\/wp-content\/uploads\/2022\/07\/post_20220629-tauziehen_featured-300x157.jpg 300w, http:\/\/www.diakonieverein-eckental.de\/wp-content\/uploads\/2022\/07\/post_20220629-tauziehen_featured-768x402.jpg 768w, http:\/\/www.diakonieverein-eckental.de\/wp-content\/uploads\/2022\/07\/post_20220629-tauziehen_featured.jpg 1200w\" sizes=\"auto, (max-width: 1024px) 100vw, 1024px\" \/><figcaption>Tauziehen im Diakoniegarten<\/figcaption><\/figure><\/div>\n\n\n\n<div style=\"height:20px\" aria-hidden=\"true\" class=\"wp-block-spacer\"><\/div>\n\n\n\n<p class=\"has-drop-cap\">Am Wochenende vom <strong>25. Und 26. Juni<\/strong> gab es viel zu feiern im Haus der Diakonie in Forth. Seit <strong>45 Jahren<\/strong> gibt es den Diakonieverein Eckental und bereits seit 5 Jahren l\u00e4uft erfolgreich die Seniorenbetreuung und die Tafel. Viele G\u00e4ste folgten der Einladung und genossen den kurzweiligen Nachmittag in der Bismarckstra\u00dfe. <br>Die Erste B\u00fcrgermeisterin Frau Ilse D\u00f6lle hob besonders den unerm\u00fcdlichen Einsatz der Ehrenamtlichen hervor und betonte das von Beginn an gute Gesp\u00fcr der Einrichtung f\u00fcr die Dienstleistungen, die in Eckental und Umgebung notwendig sind.<\/p>\n\n\n\n<p>F\u00fcr das leibliche Wohl war gut gesorgt und so ergaben sich in geselligen Runden viele Gespr\u00e4che bei kurzweiliger Livemusik. Die Tombola erfreute sich wie in fr\u00fcheren Jahren gro\u00dfer Beliebtheit. Der Erl\u00f6s dieser Aktion kommt FLEck e.V. und der Tafel Eckental zugute. <\/p>\n\n\n\n<p>Parallel dazu fanden im Garten verschiedene Spiele f\u00fcr Gro\u00df und Klein statt und auch die Luftballon-Aktion durfte nat\u00fcrlich nicht fehlen. Erste \u201eFinder-Postkarten\u201c sind bereits wieder eingetroffen. Sie kamen aus der N\u00e4he von Pegnitz. Beachtliche 35 km haben diese Ballons demnach zur\u00fcckgelegt, bevor sie gelandet sind.<\/p>\n\n\n\n<div style=\"height:20px\" aria-hidden=\"true\" class=\"wp-block-spacer\"><\/div>\n\n\n\n<div class=\"wp-block-image\"><figure class=\"aligncenter size-large\"><img loading=\"lazy\" decoding=\"async\" width=\"1024\" height=\"536\" src=\"http:\/\/www.diakonieverein-eckental.de\/wp-content\/uploads\/2022\/07\/post_20220629-luftballons_featured-1024x536.jpg\" alt=\"Luftballons\" class=\"wp-image-731\" srcset=\"http:\/\/www.diakonieverein-eckental.de\/wp-content\/uploads\/2022\/07\/post_20220629-luftballons_featured-1024x536.jpg 1024w, http:\/\/www.diakonieverein-eckental.de\/wp-content\/uploads\/2022\/07\/post_20220629-luftballons_featured-300x157.jpg 300w, http:\/\/www.diakonieverein-eckental.de\/wp-content\/uploads\/2022\/07\/post_20220629-luftballons_featured-768x402.jpg 768w, http:\/\/www.diakonieverein-eckental.de\/wp-content\/uploads\/2022\/07\/post_20220629-luftballons_featured.jpg 1200w\" sizes=\"auto, (max-width: 1024px) 100vw, 1024px\" \/><figcaption>Nach dem Start der Luftballons<\/figcaption><\/figure><\/div>\n\n\n\n<p>Zum Ausklang am lauen Sommerabend h\u00f6rten die G\u00e4ste des Sommerfestes noch eine Lesung von Fitzgerald Kusz. Er hatte viel Heiteres, Komisches und auch Nachdenkliches im Gep\u00e4ck, das unter anderem den Alltag seiner Heimat Forth unter die Lupe nahm.<\/p>\n\n\n\n<div style=\"height:20px\" aria-hidden=\"true\" class=\"wp-block-spacer\"><\/div>\n\n\n\n<div class=\"wp-block-image\"><figure class=\"aligncenter size-large\"><img loading=\"lazy\" decoding=\"async\" width=\"1024\" height=\"536\" src=\"http:\/\/www.diakonieverein-eckental.de\/wp-content\/uploads\/2022\/07\/post_20220629-lesung_featured-1024x536.jpg\" alt=\"Lesung\" class=\"wp-image-730\" srcset=\"http:\/\/www.diakonieverein-eckental.de\/wp-content\/uploads\/2022\/07\/post_20220629-lesung_featured-1024x536.jpg 1024w, http:\/\/www.diakonieverein-eckental.de\/wp-content\/uploads\/2022\/07\/post_20220629-lesung_featured-300x157.jpg 300w, http:\/\/www.diakonieverein-eckental.de\/wp-content\/uploads\/2022\/07\/post_20220629-lesung_featured-768x402.jpg 768w, http:\/\/www.diakonieverein-eckental.de\/wp-content\/uploads\/2022\/07\/post_20220629-lesung_featured.jpg 1200w\" sizes=\"auto, (max-width: 1024px) 100vw, 1024px\" \/><figcaption>vor Beginn der Lesung im Diakoniegarten<\/figcaption><\/figure><\/div>\n\n\n\n<p>Den Abschluss des Festes bildete am Sonntag, 26.6., der Regionale Gottesdienst im Garten des Diakonievereins in Forth. Der Posaunenchor umrahmte diesen musikalisch. Die Gemeinden Eckenhaid, Forth und Eschenau feierten an diesem Tag zusammen.<\/p>\n\n\n\n<hr class=\"wp-block-separator\"\/>\n\n\n\n<p class=\"has-small-font-size\">29.06.2022 | UTE KRAHL<\/p>","protected":false},"excerpt":{"rendered":"<p>Jubil\u00e4ums-Sommerfest vom Diakonieverein Eckental Am Wochenende vom 25. Und 26. Juni gab es viel zu feiern im Haus der Diakonie in Forth. Seit 45 Jahren gibt es den Diakonieverein Eckental und bereits seit 5 Jahren l\u00e4uft erfolgreich die Seniorenbetreuung und die Tafel. Viele G\u00e4ste folgten der Einladung und genossen den kurzweiligen Nachmittag in der Bismarckstra\u00dfe. [&hellip;]<\/p>\n","protected":false},"author":4,"featured_media":732,"comment_status":"closed","ping_status":"open","sticky":false,"template":"","format":"standard","meta":{"inline_featured_image":false,"editor_plus_copied_stylings":"{}","_themeisle_gutenberg_block_has_review":false,"footnotes":""},"categories":[1,6],"tags":[23,25],"class_list":["post-726","post","type-post","status-publish","format-standard","has-post-thumbnail","hentry","category-allgemein","category-meldungen","tag-jubilaeum","tag-sommerfest"],"_links":{"self":[{"href":"http:\/\/www.diakonieverein-eckental.de\/en\/wp-json\/wp\/v2\/posts\/726","targetHints":{"allow":["GET"]}}],"collection":[{"href":"http:\/\/www.diakonieverein-eckental.de\/en\/wp-json\/wp\/v2\/posts"}],"about":[{"href":"http:\/\/www.diakonieverein-eckental.de\/en\/wp-json\/wp\/v2\/types\/post"}],"author":[{"embeddable":true,"href":"http:\/\/www.diakonieverein-eckental.de\/en\/wp-json\/wp\/v2\/users\/4"}],"replies":[{"embeddable":true,"href":"http:\/\/www.diakonieverein-eckental.de\/en\/wp-json\/wp\/v2\/comments?post=726"}],"version-history":[{"count":0,"href":"http:\/\/www.diakonieverein-eckental.de\/en\/wp-json\/wp\/v2\/posts\/726\/revisions"}],"wp:featuredmedia":[{"embeddable":true,"href":"http:\/\/www.diakonieverein-eckental.de\/en\/wp-json\/wp\/v2\/media\/732"}],"wp:attachment":[{"href":"http:\/\/www.diakonieverein-eckental.de\/en\/wp-json\/wp\/v2\/media?parent=726"}],"wp:term":[{"taxonomy":"category","embeddable":true,"href":"http:\/\/www.diakonieverein-eckental.de\/en\/wp-json\/wp\/v2\/categories?post=726"},{"taxonomy":"post_tag","embeddable":true,"href":"http:\/\/www.diakonieverein-eckental.de\/en\/wp-json\/wp\/v2\/tags?post=726"}],"curies":[{"name":"wp","href":"https:\/\/api.w.org\/{rel}","templated":true}]}}