{"id":2685,"date":"2024-01-29T20:37:34","date_gmt":"2024-01-29T19:37:34","guid":{"rendered":"https:\/\/www.diakonieverein-eckental.de\/?p=2685"},"modified":"2024-04-24T21:37:16","modified_gmt":"2024-04-24T19:37:16","slug":"lasst-uns-nicht-im-regen-stehen","status":"publish","type":"post","link":"https:\/\/www.diakonieverein-eckental.de\/en\/2024\/01\/29\/lasst-uns-nicht-im-regen-stehen\/","title":{"rendered":"Lasst uns nicht  im Regen stehen"},"content":{"rendered":"<h1 class=\"wp-block-heading eplus-wrapper\">Mobile \u00dcberdachung f\u00fcr Tafel Eckental \u2013<\/h1>\n\n\n\n<figure class=\"wp-block-image size-large eplus-wrapper\"><img loading=\"lazy\" decoding=\"async\" width=\"1024\" height=\"536\" src=\"http:\/\/www.diakonieverein-eckental.de\/wp-content\/uploads\/2024\/01\/post_20231201-spende-mobile-tafelueberdachung_featured-1024x536.jpg\" alt=\"Spende mobile Tafel\u00fcberdachung\" class=\"wp-image-2701\" srcset=\"https:\/\/www.diakonieverein-eckental.de\/wp-content\/uploads\/2024\/01\/post_20231201-spende-mobile-tafelueberdachung_featured-1024x536.jpg 1024w, https:\/\/www.diakonieverein-eckental.de\/wp-content\/uploads\/2024\/01\/post_20231201-spende-mobile-tafelueberdachung_featured-300x157.jpg 300w, https:\/\/www.diakonieverein-eckental.de\/wp-content\/uploads\/2024\/01\/post_20231201-spende-mobile-tafelueberdachung_featured-768x402.jpg 768w, https:\/\/www.diakonieverein-eckental.de\/wp-content\/uploads\/2024\/01\/post_20231201-spende-mobile-tafelueberdachung_featured-18x9.jpg 18w, https:\/\/www.diakonieverein-eckental.de\/wp-content\/uploads\/2024\/01\/post_20231201-spende-mobile-tafelueberdachung_featured.jpg 1200w\" sizes=\"auto, (max-width: 1024px) 100vw, 1024px\" \/><figcaption class=\"wp-element-caption\">Spende mobile Tafel\u00fcberdachung<\/figcaption><\/figure>\n\n\n\n<div style=\"height:20px\" aria-hidden=\"true\" class=\"wp-block-spacer eplus-wrapper\"><\/div>\n\n\n\n<p class=\"eplus-wrapper\">F\u00fcr die neue Ausgabe-Lokation bei der Tafel Eckental w\u00fcnscht sich der Diakonieverein Eckental zwei sehr stabile, wetterfeste und auch faltbare Pavillons.<\/p>\n\n\n\n<p class=\"eplus-wrapper\">Die Tafel Eckental wird Anfang 2024 in neue R\u00e4umlichkeiten umziehen. Weil die Lebensmittelausgabe wie auch am alten Standort im Freien stattfinden wird, ben\u00f6tigen wir eine \u00dcberdachung. Es soll niemand im Regen stehen m\u00fcssen, egal ob Ware ausgegeben wird, oder ob die Kunden ihre Sachen einpacken. Die Plane soll wetterfest sein, die Konstruktion soll dem Wind standhalten und au\u00dferdem ist es erforderlich, dass die \u00dcberdachung faltbar und transportabel ist, denn zum Eingang der Tafel muss das Lieferauto hinfahren k\u00f6nnen um die Lebensmittel auszuladen. Zwei stabile Faltpavillons in der Gr\u00f6\u00dfe von je 6m x 3m w\u00e4re eine sehr gute Sache. Dieser besondere Pavillon hat eine sehr feste und regendichte Plane. Er ist an 3 Seiten wetterfest aber durchsichtig geschlossen, ist faltbar und hat Rollen f\u00fcr den Transport.<\/p>\n\n\n\n<h2 class=\"wp-block-heading eplus-wrapper\">M\u00f6chten auch Sie spenden?<\/h2>\n\n\n\n<p class=\"eplus-wrapper\">Dann finden Sie den Link hier: <a href=\"https:\/\/www.betterplace.org\/de\/projects\/130729-mobile-ueberdachung-fuer-tafel-eckental-lasst-uns-nicht-im-regen-stehen\">https:\/\/www.betterplace.org\/de\/projects\/130729-mobile-ueberdachung-fuer-tafel-eckental-lasst-uns-nicht-im-regen-stehen<\/a><\/p>\n\n\n\n<div style=\"height:20px\" aria-hidden=\"true\" class=\"wp-block-spacer eplus-wrapper\"><\/div>\n\n\n\n<div style=\"height:20px\" aria-hidden=\"true\" class=\"wp-block-spacer eplus-wrapper\"><\/div>\n\n\n\n<div style=\"height:20px\" aria-hidden=\"true\" class=\"wp-block-spacer eplus-wrapper\"><\/div>\n\n\n\n<hr class=\"is-style-default wp-block-separator has-css-opacity eplus-wrapper\"\/>\n\n\n\n<p class=\"has-small-font-size eplus-wrapper\">18.10.2023 | UTE KRAHL<\/p>","protected":false},"excerpt":{"rendered":"<p>Mobile \u00dcberdachung f\u00fcr Tafel Eckental \u2013 F\u00fcr die neue Ausgabe-Lokation bei der Tafel Eckental w\u00fcnscht sich der Diakonieverein Eckental zwei sehr stabile, wetterfeste und auch faltbare Pavillons. Die Tafel Eckental wird Anfang 2024 in neue R\u00e4umlichkeiten umziehen. Weil die Lebensmittelausgabe wie auch am alten Standort im Freien stattfinden wird, ben\u00f6tigen wir eine \u00dcberdachung. Es soll [&hellip;]<\/p>\n","protected":false},"author":3,"featured_media":2701,"comment_status":"closed","ping_status":"open","sticky":false,"template":"","format":"standard","meta":{"inline_featured_image":false,"editor_plus_copied_stylings":"{}","_themeisle_gutenberg_block_has_review":false,"footnotes":""},"categories":[4],"tags":[40,67,68],"class_list":["post-2685","post","type-post","status-publish","format-standard","has-post-thumbnail","hentry","category-tafel","tag-spende","tag-tafel","tag-ueberdachung"],"_links":{"self":[{"href":"https:\/\/www.diakonieverein-eckental.de\/en\/wp-json\/wp\/v2\/posts\/2685","targetHints":{"allow":["GET"]}}],"collection":[{"href":"https:\/\/www.diakonieverein-eckental.de\/en\/wp-json\/wp\/v2\/posts"}],"about":[{"href":"https:\/\/www.diakonieverein-eckental.de\/en\/wp-json\/wp\/v2\/types\/post"}],"author":[{"embeddable":true,"href":"https:\/\/www.diakonieverein-eckental.de\/en\/wp-json\/wp\/v2\/users\/3"}],"replies":[{"embeddable":true,"href":"https:\/\/www.diakonieverein-eckental.de\/en\/wp-json\/wp\/v2\/comments?post=2685"}],"version-history":[{"count":0,"href":"https:\/\/www.diakonieverein-eckental.de\/en\/wp-json\/wp\/v2\/posts\/2685\/revisions"}],"wp:featuredmedia":[{"embeddable":true,"href":"https:\/\/www.diakonieverein-eckental.de\/en\/wp-json\/wp\/v2\/media\/2701"}],"wp:attachment":[{"href":"https:\/\/www.diakonieverein-eckental.de\/en\/wp-json\/wp\/v2\/media?parent=2685"}],"wp:term":[{"taxonomy":"category","embeddable":true,"href":"https:\/\/www.diakonieverein-eckental.de\/en\/wp-json\/wp\/v2\/categories?post=2685"},{"taxonomy":"post_tag","embeddable":true,"href":"https:\/\/www.diakonieverein-eckental.de\/en\/wp-json\/wp\/v2\/tags?post=2685"}],"curies":[{"name":"wp","href":"https:\/\/api.w.org\/{rel}","templated":true}]}}