{"id":2712,"date":"2024-04-21T17:34:49","date_gmt":"2024-04-21T15:34:49","guid":{"rendered":"https:\/\/www.diakonieverein-eckental.de\/?p=2712"},"modified":"2024-04-24T21:35:34","modified_gmt":"2024-04-24T19:35:34","slug":"in-der-seniorenbetreuung-sind-montags-plaetze-frei","status":"publish","type":"post","link":"https:\/\/www.diakonieverein-eckental.de\/en\/2024\/04\/21\/in-der-seniorenbetreuung-sind-montags-plaetze-frei\/","title":{"rendered":"In der Seniorenbetreuung  sind montags Pl\u00e4tze frei"},"content":{"rendered":"<figure class=\"wp-block-gallery has-nested-images columns-default is-cropped eplus-wrapper wp-block-gallery-1\">\n<figure class=\"wp-block-image size-large eplus-wrapper\"><img loading=\"lazy\" decoding=\"async\" width=\"1024\" height=\"498\" data-id=\"2719\" src=\"https:\/\/www.diakonieverein-eckental.de\/wp-content\/uploads\/2024\/03\/Senioren20240229-1-1024x498.jpg\" alt=\"\" class=\"wp-image-2719\" srcset=\"https:\/\/www.diakonieverein-eckental.de\/wp-content\/uploads\/2024\/03\/Senioren20240229-1-1024x498.jpg 1024w, https:\/\/www.diakonieverein-eckental.de\/wp-content\/uploads\/2024\/03\/Senioren20240229-1-300x146.jpg 300w, https:\/\/www.diakonieverein-eckental.de\/wp-content\/uploads\/2024\/03\/Senioren20240229-1-768x373.jpg 768w, https:\/\/www.diakonieverein-eckental.de\/wp-content\/uploads\/2024\/03\/Senioren20240229-1-1536x746.jpg 1536w, https:\/\/www.diakonieverein-eckental.de\/wp-content\/uploads\/2024\/03\/Senioren20240229-1-2048x995.jpg 2048w, https:\/\/www.diakonieverein-eckental.de\/wp-content\/uploads\/2024\/03\/Senioren20240229-1-18x9.jpg 18w\" sizes=\"auto, (max-width: 1024px) 100vw, 1024px\" \/><\/figure>\n<\/figure>\n\n\n\n<div style=\"height:20px\" aria-hidden=\"true\" class=\"wp-block-spacer eplus-wrapper\"><\/div>\n\n\n\n<p class=\"eplus-wrapper\"><strong>Willkommen sind uns Senioren, die Freude daran haben sich mit Menschen zu treffen und die Gemeinschaft erleben wollen.<\/strong><\/p>\n\n\n\n<p class=\"eplus-wrapper\">Jeweils Montag bis Mittwoch von 14 \u2013 17 Uhr finden die Gruppentreffen im Haus der Diakonie, Bismarckstra\u00dfe 17, in Eckental-Forth statt. Bewegung mit Musik und Ged\u00e4chtnistraining f\u00f6rdern und erhalten die pers\u00f6nliche Aktivit\u00e4t. Dazu k\u00f6nnen jahreszeitlich abgestimmte Themen vorwiegend im Bastel,- Mal-, und Spielebereich die eigene Kreativt\u00e4t wieder neu entdecken lassen. <\/p>\n\n\n\n<p class=\"eplus-wrapper\">Etwas mit den eigenen H\u00e4nden zu tun aktiviert den ganzen Menschen, dies erfahren wir z.B. beim gemeinsamen Kochen oder Backen und das dann zusammen zu essen f\u00f6rdert die Gemeinschaft.<\/p>\n\n\n\n<p class=\"eplus-wrapper\">Hier entstehen manchmal W\u00fcnsche und Anregungen unserer Besucher die wir gerne in unser Programm aufnehmen. Wertsch\u00e4tzung, gegenseitiges Unterst\u00fctzen und R\u00fccksichtnahme auf Bed\u00fcrfnisse des Einzelnen lassen ein Gemeinschaftsgef\u00fchl und Wohlf\u00fchlen in der Gruppe entstehen. \u00c4hnliche Erlebnisse in der Kindheit und Jugend sind oft Grundlage, um miteinander ins Gespr\u00e4ch zu kommen. Diesen Austausch pflegen wir bei Kaffee und Kuchen und so ist dann f\u00fcr Leib und Seele gesorgt. Haben sie Lust bekommen dabei zu sein? Oder wollen sie uns unverbindlich per Schnuppern kennenlernen? Herzlich willkommen.&nbsp; Alle Fragen z.B wegen Fahrdienst oder Schnuppertermin, den Kosten und die \u00dcbernahme durch die Pflegekasse beantwortet ihnen gerne Gabriele Patzer. Sie ist im Diakonieverein Eckental die Ansprechpartnerin f\u00fcr die Seniorenbetreuung.<\/p>\n\n\n\n<p class=\"eplus-wrapper\">Sie erreichen Sie unter 09126\/ 2939750. Hinterlassen sie gerne eine Nachricht, sie werden zur\u00fcckgerufen. Oder schreiben sie eine Mail: <a href=\"mailto:gabriele.patzer@diakonieverein-eckental.de\">gabriele.patzer@diakonieverein-eckental.de<\/a><\/p>\n\n\n\n<h2 class=\"wp-block-heading eplus-wrapper\"><\/h2>\n\n\n\n<p class=\"eplus-wrapper\"><\/p>\n\n\n\n<div style=\"height:20px\" aria-hidden=\"true\" class=\"wp-block-spacer eplus-wrapper\"><\/div>\n\n\n\n<div style=\"height:20px\" aria-hidden=\"true\" class=\"wp-block-spacer eplus-wrapper\"><\/div>\n\n\n\n<div style=\"height:20px\" aria-hidden=\"true\" class=\"wp-block-spacer eplus-wrapper\"><\/div>\n\n\n\n<hr class=\"is-style-default wp-block-separator has-css-opacity eplus-wrapper\"\/>\n\n\n\n<p class=\"has-small-font-size eplus-wrapper\">06.03.2024 | UTE KRAHL<\/p>","protected":false},"excerpt":{"rendered":"<p>Willkommen sind uns Senioren, die Freude daran haben sich mit Menschen zu treffen und die Gemeinschaft erleben wollen. Jeweils Montag bis Mittwoch von 14 \u2013 17 Uhr finden die Gruppentreffen im Haus der Diakonie, Bismarckstra\u00dfe 17, in Eckental-Forth statt. Bewegung mit Musik und Ged\u00e4chtnistraining f\u00f6rdern und erhalten die pers\u00f6nliche Aktivit\u00e4t. Dazu k\u00f6nnen jahreszeitlich abgestimmte Themen [&hellip;]<\/p>\n","protected":false},"author":3,"featured_media":2719,"comment_status":"closed","ping_status":"open","sticky":false,"template":"","format":"standard","meta":{"inline_featured_image":false,"editor_plus_copied_stylings":"{}","_themeisle_gutenberg_block_has_review":false,"footnotes":""},"categories":[5],"tags":[46,47],"class_list":["post-2712","post","type-post","status-publish","format-standard","has-post-thumbnail","hentry","category-senioren","tag-betreuung","tag-senioren"],"_links":{"self":[{"href":"https:\/\/www.diakonieverein-eckental.de\/en\/wp-json\/wp\/v2\/posts\/2712","targetHints":{"allow":["GET"]}}],"collection":[{"href":"https:\/\/www.diakonieverein-eckental.de\/en\/wp-json\/wp\/v2\/posts"}],"about":[{"href":"https:\/\/www.diakonieverein-eckental.de\/en\/wp-json\/wp\/v2\/types\/post"}],"author":[{"embeddable":true,"href":"https:\/\/www.diakonieverein-eckental.de\/en\/wp-json\/wp\/v2\/users\/3"}],"replies":[{"embeddable":true,"href":"https:\/\/www.diakonieverein-eckental.de\/en\/wp-json\/wp\/v2\/comments?post=2712"}],"version-history":[{"count":0,"href":"https:\/\/www.diakonieverein-eckental.de\/en\/wp-json\/wp\/v2\/posts\/2712\/revisions"}],"wp:featuredmedia":[{"embeddable":true,"href":"https:\/\/www.diakonieverein-eckental.de\/en\/wp-json\/wp\/v2\/media\/2719"}],"wp:attachment":[{"href":"https:\/\/www.diakonieverein-eckental.de\/en\/wp-json\/wp\/v2\/media?parent=2712"}],"wp:term":[{"taxonomy":"category","embeddable":true,"href":"https:\/\/www.diakonieverein-eckental.de\/en\/wp-json\/wp\/v2\/categories?post=2712"},{"taxonomy":"post_tag","embeddable":true,"href":"https:\/\/www.diakonieverein-eckental.de\/en\/wp-json\/wp\/v2\/tags?post=2712"}],"curies":[{"name":"wp","href":"https:\/\/api.w.org\/{rel}","templated":true}]}}